{"id":6422,"date":"2026-09-06T00:56:00","date_gmt":"2026-09-06T03:56:00","guid":{"rendered":"https:\/\/fabriciomuller.com.br\/wp\/?p=6422"},"modified":"2026-09-06T00:56:00","modified_gmt":"2026-09-06T03:56:00","slug":"o-fascinio-pelo-mal-sem-motivo","status":"publish","type":"post","link":"https:\/\/fabriciomuller.com.br\/wp\/?p=6422","title":{"rendered":"O fasc\u00ednio pelo mal sem motivo"},"content":{"rendered":"<p>Eu e a Val\u00e9ria sempre assistimos a novelas e a s\u00e9ries juntos, mas filmes, raramente.<\/p>\n<p>Uma destas raras ocasi\u00f5es deve ter sido uns quinze anos atr\u00e1s: resolvemos ver um filme aleat\u00f3rio na TV a cabo e \u2013 coisa realmente rara, n\u00e3o custa refor\u00e7ar \u2013 assistimos com aten\u00e7\u00e3o m\u00e1xima do in\u00edcio at\u00e9 o fim. Era sobre um casal que est\u00e1 numa casa de campo quando s\u00e3o atacados por tr\u00eas mascarados. Eu n\u00e3o lembrava como o filme terminou, nem o seu nome, nem mais nada. S\u00f3 sabia que uma atriz famosa, filha de um cantor de rock famoso, era a atriz principal. E s\u00f3. E nunca mais esqueci do filme e \u2013 perguntando agora para a Val\u00e9ria \u2013 acabei descobrindo que ela tamb\u00e9m nunca mais esqueceu: uma das coisas mais assustadoras a que j\u00e1 assistimos.<\/p>\n<p>Desde que o vi, acabei descobrindo o nome do filme, \u201cOs Estranhos\u201d (dirigido por Bryan Bertino, Estados Unidos, 85 min), mas tive que saber primeiro o nome da atriz (Liv Tyler), filha do famoso cantor do Aerosmith, Steven Tyler. Descobri tamb\u00e9m que o filme teve um impacto t\u00e3o grande que acabou tendo desdobramentos, com uma sequ\u00eancia chamada \u201cOs Estranhos: Ca\u00e7ada Noturna\u201d, de 2018, e uma trilogia lan\u00e7ada entre 2024 e 2026 (\u201cThe Strangers: Chapter 1\u201d, \u201cThe Strangers: Chapter 2\u201d e \u201cThe Strangers: Chapter 3\u201d). Como d\u00e1 para imaginar, o projeto de rever aquele filme eu tenho desde aquela long\u00ednqua noite com minha esposa e, finalmente, o assisti de novo recentemente.<\/p>\n<p>\u201cOs Estranhos\u201d consegue ser muito melhor do que eu lembrava: os mascarados que invadem a casa s\u00e3o um homem e duas mulheres, e praticamente n\u00e3o falam nada durante o filme inteiro. O terror que eles perpetram contra o pobre casal \u00e9 lento, esquisito, e vai crescendo desde que eles aparecem at\u00e9 o final. N\u00e3o h\u00e1 nenhuma justificativa para suas a\u00e7\u00f5es, nada, o que deixa o filme mais impactante e, na minha opini\u00e3o, muito melhor \u2013 <a href=\"https:\/\/fabriciomuller.com.br\/wp\/?tag=canibais-the-farm\">aqui comento<\/a> como \u00e9 este terror injustificado o grande atrativo de filmes espetaculares, como \u201cCanibais (The Farm)\u201d e \u201cBacurau\u201d.<\/p>\n<p>Por que ser\u00e1 que o mal gratuito me atrai tanto no cinema? Provavelmente porque o mal, em si, n\u00e3o tem nada que o justifique; n\u00e3o adianta tentar me convencer do contr\u00e1rio.<\/p>\n<p>***<\/p>\n<p><em>Imagem gerada pelo Claude.<\/em><\/p>\n<p><em>Se voc\u00ea estiver interessado em receber este e outros textos meus semanalmente, clique <a href=\"https:\/\/fabriciomuller.substack.com\/p\/o-fascinio-pelo-mal-sem-motivo\">aqui<\/a> e cadastre seu e-mail.<\/em><\/p>\n","protected":false},"excerpt":{"rendered":"<p>Eu e a Val\u00e9ria sempre assistimos a novelas e a s\u00e9ries juntos, mas filmes, raramente. Uma destas raras ocasi\u00f5es deve ter sido uns quinze anos atr\u00e1s: resolvemos ver um filme aleat\u00f3rio na TV a cabo e \u2013 coisa realmente rara, n\u00e3o custa refor\u00e7ar \u2013 assistimos com aten\u00e7\u00e3o m\u00e1xima do in\u00edcio at\u00e9 o fim. Era sobre um casal que est\u00e1 numa casa de campo quando s\u00e3o atacados por tr\u00eas mascarados. Eu n\u00e3o lembrava como o filme terminou, nem o seu nome, nem mais nada. S\u00f3 sabia que uma atriz famosa, filha de um cantor de rock famoso, era a atriz principal. E s\u00f3. E nunca mais esqueci do filme e \u2013 perguntando agora para a Val\u00e9ria \u2013 acabei descobrindo que ela tamb\u00e9m nunca mais esqueceu: uma das coisas mais assustadoras a que j\u00e1 assistimos. Desde que o vi, acabei descobrindo o nome do filme, \u201cOs Estranhos\u201d (dirigido por Bryan Bertino, Estados Unidos, 85 min), mas tive que saber primeiro o nome da atriz (Liv Tyler), filha do famoso cantor do Aerosmith, Steven Tyler. Descobri tamb\u00e9m que o filme teve um impacto t\u00e3o grande que acabou tendo desdobramentos, com uma sequ\u00eancia chamada \u201cOs Estranhos: Ca\u00e7ada Noturna\u201d, de 2018, e uma trilogia lan\u00e7ada entre 2024 e 2026 (\u201cThe Strangers: Chapter 1\u201d, \u201cThe Strangers: Chapter 2\u201d e \u201cThe Strangers: Chapter 3\u201d). Como d\u00e1 para imaginar, o projeto de rever aquele filme eu tenho desde aquela long\u00ednqua noite com minha esposa e, finalmente, o assisti de novo recentemente. \u201cOs Estranhos\u201d consegue ser muito melhor do que eu lembrava: os mascarados que invadem a casa s\u00e3o um homem e duas mulheres, e praticamente n\u00e3o falam nada durante o filme inteiro. O terror que eles perpetram contra o pobre casal \u00e9 lento, esquisito, e vai crescendo desde que eles aparecem at\u00e9 o final. N\u00e3o h\u00e1 nenhuma justificativa para suas a\u00e7\u00f5es, nada, o que deixa o filme mais impactante e, na minha opini\u00e3o, muito melhor \u2013 aqui comento como \u00e9 este terror injustificado o grande atrativo de filmes espetaculares, como \u201cCanibais (The Farm)\u201d e \u201cBacurau\u201d. Por que ser\u00e1 que o mal gratuito me atrai tanto no cinema? Provavelmente porque o mal, em si, n\u00e3o tem nada que o justifique; n\u00e3o adianta tentar me convencer do contr\u00e1rio. *** Imagem gerada pelo Claude. Se voc\u00ea estiver interessado em receber este e outros textos meus semanalmente, clique aqui e cadastre seu e-mail.<\/p>\n","protected":false},"author":3,"featured_media":6423,"comment_status":"open","ping_status":"open","sticky":false,"template":"","format":"image","meta":{"_monsterinsights_skip_tracking":false,"footnotes":""},"categories":[53],"tags":[990,1489,95,1492,1049,1298,994,1490,1488,1493,1150,1487,1050,1369,1491],"class_list":["post-6422","post","type-post","status-publish","format-image","has-post-thumbnail","hentry","category-cinema","tag-bacurau","tag-bryan-bertino","tag-cinema","tag-cinema-cult","tag-critica-de-cinema","tag-cronica","tag-filmes-de-terror","tag-invasao-domiciliar","tag-liv-tyler","tag-medo","tag-memoria-afetiva","tag-os-estranhos","tag-suspense","tag-terror-psicologico","tag-violencia-no-cinema","post_format-post-format-image"],"_links":{"self":[{"href":"https:\/\/fabriciomuller.com.br\/wp\/index.php?rest_route=\/wp\/v2\/posts\/6422","targetHints":{"allow":["GET"]}}],"collection":[{"href":"https:\/\/fabriciomuller.com.br\/wp\/index.php?rest_route=\/wp\/v2\/posts"}],"about":[{"href":"https:\/\/fabriciomuller.com.br\/wp\/index.php?rest_route=\/wp\/v2\/types\/post"}],"author":[{"embeddable":true,"href":"https:\/\/fabriciomuller.com.br\/wp\/index.php?rest_route=\/wp\/v2\/users\/3"}],"replies":[{"embeddable":true,"href":"https:\/\/fabriciomuller.com.br\/wp\/index.php?rest_route=%2Fwp%2Fv2%2Fcomments&post=6422"}],"version-history":[{"count":1,"href":"https:\/\/fabriciomuller.com.br\/wp\/index.php?rest_route=\/wp\/v2\/posts\/6422\/revisions"}],"predecessor-version":[{"id":6424,"href":"https:\/\/fabriciomuller.com.br\/wp\/index.php?rest_route=\/wp\/v2\/posts\/6422\/revisions\/6424"}],"wp:featuredmedia":[{"embeddable":true,"href":"https:\/\/fabriciomuller.com.br\/wp\/index.php?rest_route=\/wp\/v2\/media\/6423"}],"wp:attachment":[{"href":"https:\/\/fabriciomuller.com.br\/wp\/index.php?rest_route=%2Fwp%2Fv2%2Fmedia&parent=6422"}],"wp:term":[{"taxonomy":"category","embeddable":true,"href":"https:\/\/fabriciomuller.com.br\/wp\/index.php?rest_route=%2Fwp%2Fv2%2Fcategories&post=6422"},{"taxonomy":"post_tag","embeddable":true,"href":"https:\/\/fabriciomuller.com.br\/wp\/index.php?rest_route=%2Fwp%2Fv2%2Ftags&post=6422"}],"curies":[{"name":"wp","href":"https:\/\/api.w.org\/{rel}","templated":true}]}}