{"id":2384,"date":"2016-02-22T00:05:53","date_gmt":"2016-02-22T03:05:53","guid":{"rendered":"http:\/\/fabriciomuller.com.br\/wp\/?p=2384"},"modified":"2016-02-22T00:05:53","modified_gmt":"2016-02-22T03:05:53","slug":"estranho-romance","status":"publish","type":"post","link":"https:\/\/fabriciomuller.com.br\/wp\/?p=2384","title":{"rendered":"Estranho &#8220;romance&#8221;"},"content":{"rendered":"<p>A primeira estranheza de <em>A hora dos n\u00e1ufragos<\/em>, do escritor e jornalista mineiro Pedro Maciel (Bertrand Brasil, 192 p\u00e1ginas), est\u00e1 na capa, na qual, logo abaixo do t\u00edtulo, est\u00e1 escrito <em>Romance<\/em>. N\u00e3o deixa de ser uma licen\u00e7a po\u00e9tica incluir o livro neste g\u00eanero liter\u00e1rio, j\u00e1 que a sua leitura completa demora, no m\u00e1ximo, uns vinte minutos. Apesar de ter um grande n\u00famero de p\u00e1ginas, praticamente todas as de n\u00famero \u00edmpar est\u00e3o em branco, enquanto que quase todas as pares t\u00eam pouqu\u00edssimas linhas. Outras, ainda, cont\u00e9m belas ilustra\u00e7\u00f5es de Geraldo de Barros.<!--more--><\/p>\n<p>A segunda estranheza do &#8220;romance&#8221; \u00e9 a do seu \u00e9 com o pr\u00f3prio conte\u00fado: boa parte do livro \u00e9 composta por pensamentos, muitos deles delirantes, de um agonizante (cujo nome n\u00e3o \u00e9 revelado) num hospital. Sua situa\u00e7\u00e3o \u00e9 de profunda ang\u00fastia: &#8220;A luz da varanda se apaga. A enfermeira n\u00e3o se atreve a chegar perto de mim. O sil\u00eancio est\u00e1 a meu favor. Seja como for, eu n\u00e3o quero mais falar de mim, n\u00e3o quero, n\u00e3o, n\u00e3o quero mais falar de mim mas falarei de mim quando n\u00e3o falar mais&#8221;. Ele est\u00e1 perdendo a mem\u00f3ria: &#8220;A enfermeira disse que um dia volto a lembrar dos lugares e das pessoas. Lembro-me vagamente&#8221;. Neste estado de sofrimento, o tempo corre lentamente: &#8220;Podemos prescindir do espa\u00e7o, mas n\u00e3o do tempo&#8221;; &#8220;A vida \u00e9 breve mas a mim parece longa&#8221;; &#8220;Ando cansado de mim mesmo&#8221;.<\/p>\n<p>N\u00e3o se sabe se \u00e9 a mem\u00f3ria do agonizante ou uma estranha volta \u00e0 vida normal, mas no meio do livro ele se refere ao sexo no tempo presente: &#8220;H\u00e1 dias n\u00e3o compro sexo. O sexo, diz a puta, \u00e9 o poder do jovem e o poder \u00e9 o sexo do velho&#8221;; &#8220;\u00c0s vezes fa\u00e7o sexo sem tes\u00e3o (&#8230;)&#8221;. L\u00e1 pelas tantas, abre-se a possibilidade de que o agonizante esteja neste estado apenas por alucina\u00e7\u00f5es causadas por drogas: &#8220;H\u00e1 dias penso em parar de tomar drogas. N\u00e3o \u00e9 a primeira vez que procuro em v\u00e3o fugir dos del\u00edrios&#8221;. Quando, no final do livro, a morte do personagem chega, \u00e9 pintada com cores fortes: &#8220;Ningu\u00e9m sabe se ele teria se suicidado por envenenamento ou morrido naturalmente. O cheiro forte do moribundo tresandou pelo corredor&#8221;; &#8220;Um sorriso no canto esquerdo da boca real\u00e7ava o seu rosto. Os tra\u00e7os im\u00f3veis do seu semblante estampavam uma promessa de paz. Findo o seu tempo. Ele parecia estar aliviado, todos estavam aliviados&#8221;.<\/p>\n<p>Com um texto fragmentado e esquisito, permeado de aforismos de cunho filos\u00f3fico, (normalmente pessimistas como: &#8220;Somos onde estamos; \u00e0s vezes a exist\u00eancia me parece alheia&#8221;; &#8220;O bem, o mal, \u00e9 tudo igual&#8221;; &#8220;ele perdeu as \u00faltimas esperan\u00e7as, por isso n\u00e3o vive mais todas as vidas. A esperan\u00e7a existe por causa dos desesperados&#8221;), <em>A hora dos n\u00e1ufragos <\/em>\u00e9 um livro audacioso, inquietante e bem realizado.<\/p>\n<p><em>(Revista Dominical do Jornal O Estado do Paran\u00e1, Curitiba (PR), p. 14 &#8211; 15, 09 jul. 2006.)<\/em><\/p>\n","protected":false},"excerpt":{"rendered":"<p>A primeira estranheza de A hora dos n\u00e1ufragos, do escritor e jornalista mineiro Pedro Maciel (Bertrand Brasil, 192 p\u00e1ginas), est\u00e1 na capa, na qual, logo abaixo do t\u00edtulo, est\u00e1 escrito Romance. N\u00e3o deixa de ser uma licen\u00e7a po\u00e9tica incluir o livro neste g\u00eanero liter\u00e1rio, j\u00e1 que a sua leitura completa demora, no m\u00e1ximo, uns vinte minutos. Apesar de ter um grande n\u00famero de p\u00e1ginas, praticamente todas as de n\u00famero \u00edmpar est\u00e3o em branco, enquanto que quase todas as pares t\u00eam pouqu\u00edssimas linhas. Outras, ainda, cont\u00e9m belas ilustra\u00e7\u00f5es de Geraldo de Barros.<\/p>\n","protected":false},"author":3,"featured_media":2385,"comment_status":"open","ping_status":"open","sticky":false,"template":"","format":"image","meta":{"_monsterinsights_skip_tracking":false,"_monsterinsights_sitenote_active":false,"_monsterinsights_sitenote_note":"","_monsterinsights_sitenote_category":0,"footnotes":""},"categories":[36],"tags":[322],"class_list":["post-2384","post","type-post","status-publish","format-image","has-post-thumbnail","hentry","category-literatura","tag-pedro-maciel","post_format-post-format-image"],"_links":{"self":[{"href":"https:\/\/fabriciomuller.com.br\/wp\/index.php?rest_route=\/wp\/v2\/posts\/2384","targetHints":{"allow":["GET"]}}],"collection":[{"href":"https:\/\/fabriciomuller.com.br\/wp\/index.php?rest_route=\/wp\/v2\/posts"}],"about":[{"href":"https:\/\/fabriciomuller.com.br\/wp\/index.php?rest_route=\/wp\/v2\/types\/post"}],"author":[{"embeddable":true,"href":"https:\/\/fabriciomuller.com.br\/wp\/index.php?rest_route=\/wp\/v2\/users\/3"}],"replies":[{"embeddable":true,"href":"https:\/\/fabriciomuller.com.br\/wp\/index.php?rest_route=%2Fwp%2Fv2%2Fcomments&post=2384"}],"version-history":[{"count":1,"href":"https:\/\/fabriciomuller.com.br\/wp\/index.php?rest_route=\/wp\/v2\/posts\/2384\/revisions"}],"predecessor-version":[{"id":2386,"href":"https:\/\/fabriciomuller.com.br\/wp\/index.php?rest_route=\/wp\/v2\/posts\/2384\/revisions\/2386"}],"wp:featuredmedia":[{"embeddable":true,"href":"https:\/\/fabriciomuller.com.br\/wp\/index.php?rest_route=\/wp\/v2\/media\/2385"}],"wp:attachment":[{"href":"https:\/\/fabriciomuller.com.br\/wp\/index.php?rest_route=%2Fwp%2Fv2%2Fmedia&parent=2384"}],"wp:term":[{"taxonomy":"category","embeddable":true,"href":"https:\/\/fabriciomuller.com.br\/wp\/index.php?rest_route=%2Fwp%2Fv2%2Fcategories&post=2384"},{"taxonomy":"post_tag","embeddable":true,"href":"https:\/\/fabriciomuller.com.br\/wp\/index.php?rest_route=%2Fwp%2Fv2%2Ftags&post=2384"}],"curies":[{"name":"wp","href":"https:\/\/api.w.org\/{rel}","templated":true}]}}