{"id":2340,"date":"2016-02-05T15:03:07","date_gmt":"2016-02-05T18:03:07","guid":{"rendered":"http:\/\/fabriciomuller.com.br\/wp\/?p=2340"},"modified":"2016-02-05T15:03:07","modified_gmt":"2016-02-05T18:03:07","slug":"conferencia-de-wannsee","status":"publish","type":"post","link":"https:\/\/fabriciomuller.com.br\/wp\/?p=2340","title":{"rendered":"Confer\u00eancia de Wannsee"},"content":{"rendered":"<p>Centenas de milhares de judeus, principalmente na Uni\u00e3o Sovi\u00e9tica, j\u00e1 tinham sido assassinados em 20 de janeiro de 1942.<\/p>\n<p>Entretanto, esta data \u00e9 um marco: o nacional-socialismo, que j\u00e1 era uma das ditaduras mais cru\u00e9is da Hist\u00f3ria, a partir de ent\u00e3o passa a patrocinar o espet\u00e1culo mais dantesco de todos os tempos, algo que envergonha a humanidade at\u00e9 hoje, n\u00e3o importando se a pessoa \u00e9 nazista ou n\u00e3o.<!--more--><\/p>\n<p>Neste dia ocorreu a Confer\u00eancia de Wannsee (Wannsee \u00e9 o bairro da periferia de Berlim onde a reuni\u00e3o ocorreu), agendada por Reinhard Heydrich, chefe da Ag\u00eancia de Seguran\u00e7a e da Pol\u00edcia Secreta Alem\u00e3, para organizar e implementar a chamada Solu\u00e7\u00e3o Final para o Problema Judeu.<\/p>\n<p>Os nazistas, que j\u00e1 tinham sufocado economicamente os judeus com as leis de Nuremberg, estavam percebendo que s\u00f3 com isto n\u00e3o estavam conseguindo atingir seu objetivo, isto \u00e9, tornar a Alemanha livre de judeus. Praticamente metade deles permanecia em territ\u00f3rio alem\u00e3o, apesar das dificuldades decorrentes da diminui\u00e7\u00e3o de meios de subsist\u00eancia (as leis de Nuremberg vedavam aos judeus o exerc\u00edcio da maior parte das profiss\u00f5es de n\u00edvel m\u00e9dio e superior). Isto, mais o fato da Alemanha j\u00e1 estar dominando grande parte da Europa, fez Hitler se decidir pelo \u00faltimo passo, o mais radical, o mais assustador: a chamada Solu\u00e7\u00e3o Final significava simplesmente o exterm\u00ednio de todos os judeus da Europa.<\/p>\n<p>Para implementar este monstruoso programa e coordenar todos os esfor\u00e7os, Heydrich convocou burocratas de m\u00e9dio e alto escal\u00f5es de diversas \u00e1reas do governo alem\u00e3o. Para que tudo sa\u00edsse conforme o figurino, todos precisavam estar afinados, todos precisavam colaborar, todos precisavam dar o melhor de si. Eichmann, o posteriormente famoso gerente de transportes do Reich, declarou em seu julgamento em Jerusal\u00e9m (em 1977) que, apesar de ter inicialmente d\u00favidas a respeito da Solu\u00e7\u00e3o Final, mudou de id\u00e9ia na confer\u00eancia de Wannsee, \u201cj\u00e1 que tantas personalidades\u201d estavam de acordo quanto ao assunto (Eichmann era, sem d\u00favida, o funcion\u00e1rio de mais baixo escal\u00e3o presente, o que o deixava orgulhoso em participar de reuni\u00e3o t\u00e3o importante). Ele se sentiu um pouco como \u201cP\u00f4ncio Pilatos\u201d, e se sentiu \u201clavando as m\u00e3os\u201d&#8230; quem era ele para ter suas pr\u00f3prias id\u00e9ias a respeito do assunto, afinal?<\/p>\n<p>As dimens\u00f5es do servi\u00e7o eram enormes. Gra\u00e7as a um grande esfor\u00e7o estat\u00edstico, acelerado por tabuladoras Hollerith da IBM (o estat\u00edstico especialista em cart\u00f5es Hollerith Richard Korherr estava presente em Wannsee), foi apresentado por Heydrich o tamanho do trabalho a ser realizado: apesar de \u201cincr\u00edveis\u201d erros (segundo Hannah Arendt), o n\u00famero total de judeus na Europa (ou seja, o n\u00fameros de judeus a serem exterminados) foi computado igual a 11 milh\u00f5es. Este n\u00famero foi apresentado discriminando a quantidade de judeus por pa\u00eds, com maior ou menor precis\u00e3o, conforme foi poss\u00edvel computar (inclusive, em muitos pa\u00edses estrangeiros os judeus eram computados por \u201creligi\u00e3o\u201c e n\u00e3o por \u201cra\u00e7a\u201c conforme as defini\u00e7\u00f5es das leis de Nuremberg), e ainda incluindo pa\u00edses que n\u00e3o tinham sido e que n\u00e3o seriam, mais tarde, invadidos pela Alemanha, como Portugal, Inglaterra e Irlanda. A quantidade de judeus a serem eliminados por pa\u00eds pode ser visto em<\/p>\n<p>http:\/\/www.us-israel.org\/jsource\/Holocaust\/Wannsee_Protocol.html<\/p>\n<p>Na Confer\u00eancia de Wannsee, obviamente, se usou de eufemismos: n\u00e3o se falou em \u201celimina\u00e7\u00e3o de judeus da Europa\u201d e sim em \u201cevacua\u00e7\u00e3o de judeus para o Leste\u201d (importante lembrar que o objetivo da Alemanha nesta data era a tomada da parte da Uni\u00e3o Sovi\u00e9tica que ainda n\u00e3o havia sido invadida, no Leste Europeu). Entretanto, o seguinte coment\u00e1rio de Heydrich n\u00e3o deixa d\u00favidas quanto aos objetivos da solu\u00e7\u00e3o final:<\/p>\n<p>\u201cOs judeus devem ser agora, no decurso da solu\u00e7\u00e3o final, levados para leste&#8230; a fim de serem utilizados como m\u00e3o-de-obra. Em grandes grupos, com separa\u00e7\u00e3o de sexos, os judeus capacitados para o trabalho ser\u00e3o levados a essas \u00e1reas e empregados na constru\u00e7\u00e3o de estradas, tarefa na qual se perder\u00e1, naturalmente, a maior parte deles.<\/p>\n<p>Os remanescentes, os que puderem sobreviver a tudo isto &#8211; inegavelmente os de maior resist\u00eancia &#8211; devem ser tratados de acordo porquanto, representantes de uma sele\u00e7\u00e3o natural, devem ser considerados a c\u00e9lula germinativa da nova cria\u00e7\u00e3o judaica\u201d<\/p>\n<p>Este tratamento \u201cde acordo\u201d, era, obviamente, um eufemismo para exterm\u00ednio, pois os nazistas jamais permitiriam uma \u201cnova cria\u00e7\u00e3o judaica\u201d&#8230;<\/p>\n<p>Outra prova que a solu\u00e7\u00e3o final n\u00e3o era a evacua\u00e7\u00e3o para o leste \u00e9 a declara\u00e7\u00e3o do Dr. Josef Buehler, representante do governo geral da Pol\u00f4nia. Ele tinha uma sugest\u00e3o para os dois milh\u00f5es e meio de judeus poloneses, os quais, segundo ele, \u201crepresentavam um grande perigo\u201d, pois eram \u201cportadores de mol\u00e9stias, negociantes do mercado-negro e, al\u00e9m disso, incapacitados para o trabalho\u201d. N\u00e3o havia problema de transporte para eles, pois j\u00e1 estavam \u201cno leste\u201c, mas, mesmo assim, o Dr. Buehler concluiu: \u201cs\u00f3 quero que o problema judaico em meu territ\u00f3rio seja resolvido o mais r\u00e1pido poss\u00edvel\u201d.<\/p>\n<p>Depois de tudo isto, discutiu-se na reuni\u00e3o quem era ou n\u00e3o judeu, conforme o sangue (meio-judeus, judeus de primeiro ou segundo graus, etc), levando em conta as leis de Nuremberg.<\/p>\n<p>A reuni\u00e3o n\u00e3o durou mais do que uma hora, uma hora e meia, depois do que foram servidos drinques e todo o mundo almo\u00e7ou &#8211; \u201cuma \u00edntima reuni\u00e3ozinha social&#8221;, segundo Eichmann declarou em Jerusal\u00e9m, destinada a fortalecer os contatos pessoais necess\u00e1rios.<\/p>\n<p><em>(texto escrito em julho de 2001)<\/em><\/p>\n","protected":false},"excerpt":{"rendered":"<p>Centenas de milhares de judeus, principalmente na Uni\u00e3o Sovi\u00e9tica, j\u00e1 tinham sido assassinados em 20 de janeiro de 1942. Entretanto, esta data \u00e9 um marco: o nacional-socialismo, que j\u00e1 era uma das ditaduras mais cru\u00e9is da Hist\u00f3ria, a partir de ent\u00e3o passa a patrocinar o espet\u00e1culo mais dantesco de todos os tempos, algo que envergonha a humanidade at\u00e9 hoje, n\u00e3o importando se a pessoa \u00e9 nazista ou n\u00e3o.<\/p>\n","protected":false},"author":3,"featured_media":2341,"comment_status":"open","ping_status":"open","sticky":false,"template":"","format":"image","meta":{"_monsterinsights_skip_tracking":false,"footnotes":""},"categories":[54],"tags":[263],"class_list":["post-2340","post","type-post","status-publish","format-image","has-post-thumbnail","hentry","category-historia","tag-nazismo","post_format-post-format-image"],"_links":{"self":[{"href":"https:\/\/fabriciomuller.com.br\/wp\/index.php?rest_route=\/wp\/v2\/posts\/2340","targetHints":{"allow":["GET"]}}],"collection":[{"href":"https:\/\/fabriciomuller.com.br\/wp\/index.php?rest_route=\/wp\/v2\/posts"}],"about":[{"href":"https:\/\/fabriciomuller.com.br\/wp\/index.php?rest_route=\/wp\/v2\/types\/post"}],"author":[{"embeddable":true,"href":"https:\/\/fabriciomuller.com.br\/wp\/index.php?rest_route=\/wp\/v2\/users\/3"}],"replies":[{"embeddable":true,"href":"https:\/\/fabriciomuller.com.br\/wp\/index.php?rest_route=%2Fwp%2Fv2%2Fcomments&post=2340"}],"version-history":[{"count":1,"href":"https:\/\/fabriciomuller.com.br\/wp\/index.php?rest_route=\/wp\/v2\/posts\/2340\/revisions"}],"predecessor-version":[{"id":2342,"href":"https:\/\/fabriciomuller.com.br\/wp\/index.php?rest_route=\/wp\/v2\/posts\/2340\/revisions\/2342"}],"wp:featuredmedia":[{"embeddable":true,"href":"https:\/\/fabriciomuller.com.br\/wp\/index.php?rest_route=\/wp\/v2\/media\/2341"}],"wp:attachment":[{"href":"https:\/\/fabriciomuller.com.br\/wp\/index.php?rest_route=%2Fwp%2Fv2%2Fmedia&parent=2340"}],"wp:term":[{"taxonomy":"category","embeddable":true,"href":"https:\/\/fabriciomuller.com.br\/wp\/index.php?rest_route=%2Fwp%2Fv2%2Fcategories&post=2340"},{"taxonomy":"post_tag","embeddable":true,"href":"https:\/\/fabriciomuller.com.br\/wp\/index.php?rest_route=%2Fwp%2Fv2%2Ftags&post=2340"}],"curies":[{"name":"wp","href":"https:\/\/api.w.org\/{rel}","templated":true}]}}